{"id":9196,"date":"2025-09-09T08:41:06","date_gmt":"2025-09-09T08:41:06","guid":{"rendered":"https:\/\/www.whiterabbit.es\/comercio-eletronico-alteracoes-no-consumo-para-reduzir-as-emissoes-de-co2\/"},"modified":"2025-09-09T08:41:09","modified_gmt":"2025-09-09T08:41:09","slug":"comercio-eletronico-alteracoes-no-consumo-para-reduzir-as-emissoes-de-co2","status":"publish","type":"post","link":"https:\/\/www.whiterabbit.es\/pt-pt\/comercio-eletronico-alteracoes-no-consumo-para-reduzir-as-emissoes-de-co2\/","title":{"rendered":"Com\u00e9rcio eletr\u00f3nico: altera\u00e7\u00f5es no consumo para reduzir as emiss\u00f5es de CO2"},"content":{"rendered":"\n<p id=\"ember181\">De acordo com o relat\u00f3rio <a href=\"https:\/\/www.oliverwyman.es\/content\/dam\/oliver-wyman\/Iberia\/reports\/Delivery%20Decarbonization%20Pathway-Summary-ES-1005.pdf\">Delivery Decarbonization Pathway<\/a>, realizado pela consultora Oliver Wyman a pedido da Amazon, Espanha vai conseguir uma redu\u00e7\u00e3o de 61% nas emiss\u00f5es de di\u00f3xido de carbono at\u00e9 2024, desde que mude os seus h\u00e1bitos de consumo em rela\u00e7\u00e3o ao com\u00e9rcio eletr\u00f3nico.<\/p>\n\n<blockquote class=\"wp-block-quote is-layout-flow wp-block-quote-is-layout-flow\">\n<p><em>&#8220;Isso acontecer\u00e1 se os compradores come\u00e7arem a priorizar a qualidade em detrimento da quantidade, optando por op\u00e7\u00f5es de envio mais sustent\u00e1veis, como agrupamento de pedidos ou retirada na loja<\/em>.&#8221; <a href=\"https:\/\/www.linkedin.com\/in\/enanlopez?miniProfileUrn=urn%3Ali%3Afs_miniProfile%3AACoAAAOHJS4BGyILAlbxjPW8hhImceuOgt_RoaI\">Explica Enan Lopez<\/a> <\/p>\n<\/blockquote>\n\n<p id=\"ember183\">Isso faz parte de um esfor\u00e7o para enfrentar esse desafio crescente, em que consumidores, empresas e governos est\u00e3o tomando medidas para reduzir a pegada de carbono do com\u00e9rcio eletr\u00f4nico.<\/p>\n\n<p id=\"ember184\">Em primeiro lugar, os consumidores est\u00e3o a tornar-se conscientes do seu papel na sustentabilidade ambiental e est\u00e3o a optar por comprar em e-commerces que oferecem pr\u00e1ticas de consumo mais conscientes.<\/p>\n\n<p id=\"ember185\">O relat\u00f3rio aponta ainda que a Espanha lidera a lista de pa\u00edses com h\u00e1bitos de consumo eletr\u00f3nico que geram elevadas emiss\u00f5es de CO2, acima da Alemanha, Fran\u00e7a, It\u00e1lia, Reino Unido e Su\u00e9cia. Isto <em>deve-se &#8220;\u00e0s largas rotas de \u00faltima milha, que geram 400 gCO2e&#8221;.<\/em> <\/p>\n\n<p id=\"ember186\">Neste contexto, as empresas est\u00e3o a investir em frotas de ve\u00edculos el\u00e9tricos, otimizando as rotas de entrega e a utiliza\u00e7\u00e3o de embalagens amigas do ambiente. Al\u00e9m disso, est\u00e3o a explorar a possibilidade de utilizar fontes de energia renov\u00e1veis para alimentar os seus centros de distribui\u00e7\u00e3o, reduzindo assim a sua depend\u00eancia dos combust\u00edveis f\u00f3sseis. <\/p>\n\n<p id=\"ember187\">Isto faz parte da colabora\u00e7\u00e3o conjunta entre consumidores, empresas e governos para enfrentar eficazmente o desafio das emiss\u00f5es de CO2 no com\u00e9rcio eletr\u00f3nico.<\/p>\n\n<p id=\"ember188\">Campanhas de conscientiza\u00e7\u00e3o p\u00fablica, programas de recompensas de sustentabilidade e parcerias p\u00fablico-privadas podem desempenhar um papel fundamental na redu\u00e7\u00e3o da pegada de carbono do com\u00e9rcio eletr\u00f4nico.<\/p>\n\n<h3 class=\"wp-block-heading\" id=\"ember189\">A import\u00e2ncia de promover mensagens amigas do ambiente<\/h3>\n\n<p id=\"ember190\">Num mundo cada vez mais consciente dos desafios ambientais, promover mensagens amigas do ambiente tornou-se uma tarefa essencial para indiv\u00edduos, empresas e governos. Estas mensagens desempenham um papel crucial na inspira\u00e7\u00e3o de a\u00e7\u00f5es positivas e na constru\u00e7\u00e3o de um futuro mais verde. <\/p>\n\n<blockquote class=\"wp-block-quote is-layout-flow wp-block-quote-is-layout-flow\">\n<p>Para a nossa CEO, <a href=\"https:\/\/www.linkedin.com\/in\/laura-celeste-sali?miniProfileUrn=urn%3Ali%3Afs_miniProfile%3AACoAAAKenBkBAYnPuhgNCpTs_Zv0k_09Ph1xewc\">Laura Celeste Sali P\u00e9rez<\/a> , &#8220;<em>o poder da comunica\u00e7\u00e3o na promo\u00e7\u00e3o de pr\u00e1ticas sustent\u00e1veis n\u00e3o deve ser subestimado e \u00e9 necess\u00e1rio que as empresas promovam mensagens amigas do ambiente<\/em>&#8220;. E acrescenta: &#8221; <em>Primeiro, porque educam o p\u00fablico sobre quest\u00f5es ambientais e aumentam a consciencializa\u00e7\u00e3o. Mas tamb\u00e9m est\u00e1 provado que, quando transmitidas de forma eficaz, podem inspirar as pessoas a reduzir o consumo de recursos, reciclar, poupar energia e apoiar empresas e produtos sustent\u00e1veis.\u00bb <\/em><\/p>\n<\/blockquote>\n\n<p id=\"ember192\">Por outro lado, os especialistas dizem que a promo\u00e7\u00e3o da #sostenibilidad atrav\u00e9s de mensagens amigas do ambiente impulsiona a inova\u00e7\u00e3o. As empresas e organiza\u00e7\u00f5es respondem \u00e0 procura do mercado e desenvolvem produtos e servi\u00e7os mais amigos do ambiente, o que, por sua vez, reduz a pegada ecol\u00f3gica da sociedade. <\/p>\n\n<p id=\"ember193\"><em>&#8220;Promover mensagens ecol\u00f3gicas \u00e9 uma forma de construir um legado positivo para as gera\u00e7\u00f5es futuras&#8221;,<\/em> diz Laura. E conclui: <em>&#8220;Temos de trabalhar em conjunto para fazer a diferen\u00e7a e avan\u00e7ar para um futuro em que a prosperidade esteja em harmonia com a sa\u00fade do planeta.&#8221;<\/em> <\/p>\n","protected":false},"excerpt":{"rendered":"<p>De acordo com o relat\u00f3rio Delivery Decarbonization Pathway, realizado pela consultora Oliver Wyman a pedido da Amazon, Espanha vai conseguir uma redu\u00e7\u00e3o de 61% nas emiss\u00f5es de di\u00f3xido de carbono at\u00e9 2024, desde que mude os seus h\u00e1bitos de consumo em rela\u00e7\u00e3o ao com\u00e9rcio eletr\u00f3nico. &#8220;Isso acontecer\u00e1 se os compradores come\u00e7arem a priorizar a qualidade [&hellip;]<\/p>\n","protected":false},"author":4,"featured_media":9198,"comment_status":"closed","ping_status":"open","sticky":false,"template":"","format":"standard","meta":{"_acf_changed":false,"_et_pb_use_builder":"off","_et_pb_old_content":"","_et_gb_content_width":"","footnotes":""},"categories":[402],"tags":[404,410,411,412],"class_list":["post-9196","post","type-post","status-publish","format-standard","has-post-thumbnail","hentry","category-membros-o-coelho-branco","tag-comercializacao","tag-comunicacao-pt-pt","tag-avatar-pt-pt","tag-etica-pt-pt"],"acf":[],"_links":{"self":[{"href":"https:\/\/www.whiterabbit.es\/pt-pt\/wp-json\/wp\/v2\/posts\/9196","targetHints":{"allow":["GET"]}}],"collection":[{"href":"https:\/\/www.whiterabbit.es\/pt-pt\/wp-json\/wp\/v2\/posts"}],"about":[{"href":"https:\/\/www.whiterabbit.es\/pt-pt\/wp-json\/wp\/v2\/types\/post"}],"author":[{"embeddable":true,"href":"https:\/\/www.whiterabbit.es\/pt-pt\/wp-json\/wp\/v2\/users\/4"}],"replies":[{"embeddable":true,"href":"https:\/\/www.whiterabbit.es\/pt-pt\/wp-json\/wp\/v2\/comments?post=9196"}],"version-history":[{"count":1,"href":"https:\/\/www.whiterabbit.es\/pt-pt\/wp-json\/wp\/v2\/posts\/9196\/revisions"}],"predecessor-version":[{"id":9200,"href":"https:\/\/www.whiterabbit.es\/pt-pt\/wp-json\/wp\/v2\/posts\/9196\/revisions\/9200"}],"wp:featuredmedia":[{"embeddable":true,"href":"https:\/\/www.whiterabbit.es\/pt-pt\/wp-json\/wp\/v2\/media\/9198"}],"wp:attachment":[{"href":"https:\/\/www.whiterabbit.es\/pt-pt\/wp-json\/wp\/v2\/media?parent=9196"}],"wp:term":[{"taxonomy":"category","embeddable":true,"href":"https:\/\/www.whiterabbit.es\/pt-pt\/wp-json\/wp\/v2\/categories?post=9196"},{"taxonomy":"post_tag","embeddable":true,"href":"https:\/\/www.whiterabbit.es\/pt-pt\/wp-json\/wp\/v2\/tags?post=9196"}],"curies":[{"name":"wp","href":"https:\/\/api.w.org\/{rel}","templated":true}]}}