{"id":9204,"date":"2025-09-09T08:41:07","date_gmt":"2025-09-09T08:41:07","guid":{"rendered":"https:\/\/www.whiterabbit.es\/o-coelho-branco-em-testemunhos-para-a-historia\/"},"modified":"2025-10-02T08:03:00","modified_gmt":"2025-10-02T08:03:00","slug":"o-coelho-branco-em-testemunhos-para-a-historia","status":"publish","type":"post","link":"https:\/\/www.whiterabbit.es\/pt-pt\/o-coelho-branco-em-testemunhos-para-a-historia\/","title":{"rendered":"The White Rabbit, em Testemunhos para a Hist\u00f3ria"},"content":{"rendered":"\n\n[et_pb_section admin_label=&#8221;section&#8221;]\n\t\t\t[et_pb_row admin_label=&#8221;row&#8221;]\n\t\t\t\t[et_pb_column type=&#8221;4_4&#8243;][et_pb_text admin_label=&#8221;Text&#8221;]<!-- divi:paragraph {\"translatedWithWPMLTM\":\"1\"} -->\n<p>*Testemunhos para a Hist\u00f3ria* convidou-nos a participar na sua \u00faltima edi\u00e7\u00e3o, compilando os testemunhos da nossa CEO, <a href=\"https:\/\/www.linkedin.com\/in\/ACoAAAKenBkBAYnPuhgNCpTs_Zv0k_09Ph1xewc\">Laura Celeste Sali P\u00e9rez<\/a> e do nosso CMO, <a href=\"https:\/\/www.linkedin.com\/in\/ACoAAAOHJS4BGyILAlbxjPW8hhImceuOgt_RoaI\">Enan Lopez<\/a>.<\/p>\n<!-- \/divi:paragraph --><!-- divi:paragraph {\"translatedWithWPMLTM\":\"1\"} -->\n<p>Estamos felizes em participar desta colet\u00e2nea que compila opini\u00f5es e experi\u00eancias de personagens relevantes de diferentes \u00e1reas da vida profissional e intelectual da<a href=\"https:\/\/www.linkedin.com\/feed\/hashtag\/?keywords=espa%C3%B1a&amp;highlightedUpdateUrns=urn%3Ali%3Aactivity%3A7111008748868972544\"> <\/a>Espanha. Ainda mais ao compartilh\u00e1-lo com <a href=\"https:\/\/www.linkedin.com\/in\/ACoAAAPm6wkB-HKv6fvHXqOrmdZdvMXuXmofaiQ\">Vicen\u00e7 Hern\u00e1ndez Reche, PhD<\/a>, que faz parte da fam\u00edlia The White Rabbit.   <\/p>\n<!-- \/divi:paragraph --><!-- divi:paragraph {\"translatedWithWPMLTM\":\"1\"} -->\n<p>  Agradecemos tamb\u00e9m a \u00c0ngel Font por nos deixar fazer parte deste projeto.<\/p>\n<!-- \/divi:paragraph --><!-- divi:paragraph {\"translatedWithWPMLTM\":\"1\"} -->\n<p><a href=\"https:\/\/www.testimoniosparalahistoria.com\/testimonios-para-compartir-conocimiento-para-crecer\/\" target=\"_blank\" rel=\"noreferrer noopener\">Voc\u00ea pode ler o post completo aqui.  <\/a><\/p>\n<!-- \/divi:paragraph -->[\/et_pb_text][\/et_pb_column]\n\t\t\t[\/et_pb_row]\n\t\t[\/et_pb_section]\n\n","protected":false},"excerpt":{"rendered":"","protected":false},"author":4,"featured_media":9206,"comment_status":"closed","ping_status":"open","sticky":false,"template":"","format":"standard","meta":{"_acf_changed":false,"_et_pb_use_builder":"off","_et_pb_old_content":"[et_pb_section admin_label=\"section\"]\n\t\t\t[et_pb_row admin_label=\"row\"]\n\t\t\t\t[et_pb_column type=\"4_4\"][et_pb_text admin_label=\"Text\"]<!-- wp:paragraph {\"translatedWithWPMLTM\":\"1\"} -->\n<p>*Testemunhos para a Hist\u00f3ria* convidou-nos a participar na sua \u00faltima edi\u00e7\u00e3o, compilando os testemunhos da nossa CEO, <a href=\"https:\/\/www.linkedin.com\/in\/ACoAAAKenBkBAYnPuhgNCpTs_Zv0k_09Ph1xewc\">Laura Celeste Sali P\u00e9rez<\/a> e do nosso CMO, <a href=\"https:\/\/www.linkedin.com\/in\/ACoAAAOHJS4BGyILAlbxjPW8hhImceuOgt_RoaI\">Enan Lopez<\/a>.<\/p>\n<!-- \/wp:paragraph --><!-- wp:paragraph {\"translatedWithWPMLTM\":\"1\"} -->\n<p>Estamos felizes em participar desta colet\u00e2nea que compila opini\u00f5es e experi\u00eancias de personagens relevantes de diferentes \u00e1reas da vida profissional e intelectual da<a href=\"https:\/\/www.linkedin.com\/feed\/hashtag\/?keywords=espa%C3%B1a&amp;highlightedUpdateUrns=urn%3Ali%3Aactivity%3A7111008748868972544\"> <\/a>Espanha. Ainda mais ao compartilh\u00e1-lo com <a href=\"https:\/\/www.linkedin.com\/in\/ACoAAAPm6wkB-HKv6fvHXqOrmdZdvMXuXmofaiQ\">Vicen\u00e7 Hern\u00e1ndez Reche, PhD<\/a>, que faz parte da fam\u00edlia The White Rabbit.   <\/p>\n<!-- \/wp:paragraph --><!-- wp:paragraph {\"translatedWithWPMLTM\":\"1\"} -->\n<p>  Agradecemos tamb\u00e9m a \u00c0ngel Font por nos deixar fazer parte deste projeto.<\/p>\n<!-- \/wp:paragraph --><!-- wp:paragraph {\"translatedWithWPMLTM\":\"1\"} -->\n<p><a href=\"https:\/\/www.testimoniosparalahistoria.com\/testimonios-para-compartir-conocimiento-para-crecer\/\" target=\"_blank\" rel=\"noreferrer noopener\">Voc\u00ea pode ler o post completo aqui.  <\/a><\/p>\n<!-- \/wp:paragraph -->[\/et_pb_text][\/et_pb_column]\n\t\t\t[\/et_pb_row]\n\t\t[\/et_pb_section]","_et_gb_content_width":"","footnotes":""},"categories":[395],"tags":[403,404,405,406],"class_list":["post-9204","post","type-post","status-publish","format-standard","has-post-thumbnail","hentry","category-historias-de-sucesso","tag-comunicacao","tag-comercializacao","tag-espanha","tag-agencia-de-comunicacao-pt-pt"],"acf":[],"_links":{"self":[{"href":"https:\/\/www.whiterabbit.es\/pt-pt\/wp-json\/wp\/v2\/posts\/9204","targetHints":{"allow":["GET"]}}],"collection":[{"href":"https:\/\/www.whiterabbit.es\/pt-pt\/wp-json\/wp\/v2\/posts"}],"about":[{"href":"https:\/\/www.whiterabbit.es\/pt-pt\/wp-json\/wp\/v2\/types\/post"}],"author":[{"embeddable":true,"href":"https:\/\/www.whiterabbit.es\/pt-pt\/wp-json\/wp\/v2\/users\/4"}],"replies":[{"embeddable":true,"href":"https:\/\/www.whiterabbit.es\/pt-pt\/wp-json\/wp\/v2\/comments?post=9204"}],"version-history":[{"count":7,"href":"https:\/\/www.whiterabbit.es\/pt-pt\/wp-json\/wp\/v2\/posts\/9204\/revisions"}],"predecessor-version":[{"id":9751,"href":"https:\/\/www.whiterabbit.es\/pt-pt\/wp-json\/wp\/v2\/posts\/9204\/revisions\/9751"}],"wp:featuredmedia":[{"embeddable":true,"href":"https:\/\/www.whiterabbit.es\/pt-pt\/wp-json\/wp\/v2\/media\/9206"}],"wp:attachment":[{"href":"https:\/\/www.whiterabbit.es\/pt-pt\/wp-json\/wp\/v2\/media?parent=9204"}],"wp:term":[{"taxonomy":"category","embeddable":true,"href":"https:\/\/www.whiterabbit.es\/pt-pt\/wp-json\/wp\/v2\/categories?post=9204"},{"taxonomy":"post_tag","embeddable":true,"href":"https:\/\/www.whiterabbit.es\/pt-pt\/wp-json\/wp\/v2\/tags?post=9204"}],"curies":[{"name":"wp","href":"https:\/\/api.w.org\/{rel}","templated":true}]}}